{"id":880,"date":"2023-02-28T09:29:58","date_gmt":"2023-02-28T08:29:58","guid":{"rendered":"https:\/\/whyte.be\/philip-naert-nomme-partner-chez-whyte-corporate-affairs\/"},"modified":"2023-03-06T17:05:03","modified_gmt":"2023-03-06T16:05:03","slug":"philip-naert-nomme-partner-chez-whyte-corporate-affairs","status":"publish","type":"post","link":"https:\/\/whyte.be\/fr\/philip-naert-nomme-partner-chez-whyte-corporate-affairs\/","title":{"rendered":"Philip Naert nomm\u00e9 Partner chez Whyte Corporate Affairs"},"content":{"rendered":"\n<p><\/p>\n\n\n\n<p><strong>Whyte Corporate Affairs, agence-conseil ind\u00e9pendante belge sp\u00e9cialis\u00e9e dans la communication corporate, la communication de crise et les affaires publiques, nomme Philip Naert comme Partner. Sa promotion est l&rsquo;aboutissement d&rsquo;une success story collective et d&rsquo;un renforcement structurel de la direction de Whyte Corporate Affairs. <\/strong><\/p>\n\n\n\n<p>Philip Naert a rejoint Whyte Corporate Affairs en 2014 et y dirige actuellement les activit\u00e9s d\u2019affaires publiques. En tant que Partner, Philip contribuera davantage \u00e0 la r\u00e9alisation des ambitions de Whyte dans son r\u00f4le de pr\u00e9curseur de la communication d&rsquo;entreprise et des affaires publiques dans les ann\u00e9es \u00e0 venir. L\u2019innovation, la cr\u00e9ation de contenu et la qu\u00eate d\u2019excellence \u00e9tant au c\u0153ur de cette d\u00e9marche.  <\/p>\n\n\n\n<p>\u00ab\u00a0Philip a fait preuve de beaucoup de professionnalisme et d\u2019une grande qualit\u00e9 dans son travail. C\u2019est un coll\u00e8gue tr\u00e8s appr\u00e9ci\u00e9 et un consultant hors pair. Il adh\u00e8re \u00e0 l&rsquo;approche int\u00e9gr\u00e9e de Whyte Corporate Affairs. Avec son regard d\u2019expert en affaires publiques, il ajoute une vision et des perspectives neuves \u00e0 nos strat\u00e9gies de communication. Il a \u00e9galement fortement contribu\u00e9 \u00e0 l&rsquo;expansion de Whyte Corporate Affairs qui est aujourd\u2019hui leader sur le march\u00e9 belge\u00a0\u00bb, d\u00e9clare Joris Bulteel, Partner et co-fondateur de Whyte Corporate Affairs.<\/p>\n\n\n\n<p>Philip travaillera en \u00e9troite collaboration avec les autres Partners de l\u2019agence, \u00e0 savoir : Sandrine Agie, Joris Bulteel, Eveline De Ridder, Emmanuel Goedseels et Isabelle Hardy. Avec Joost Germis (Directeur), ils constituent le comit\u00e9 ex\u00e9cutif de Whyte Corporate Affairs. <\/p>\n","protected":false},"excerpt":{"rendered":"<p><span class=\"excerpt-hellip\"> [\u2026]<\/span><\/p>\n","protected":false},"author":3,"featured_media":886,"comment_status":"closed","ping_status":"open","sticky":false,"template":"","format":"standard","meta":{"inline_featured_image":false,"footnotes":""},"categories":[49],"tags":[50,51],"class_list":["post-880","post","type-post","status-publish","format-standard","has-post-thumbnail","hentry","category-whyte-corporate-affairs-fr","tag-communication-fr","tag-public-affairs-fr"],"yoast_head":"<!-- This site is optimized with the Yoast SEO plugin v27.5 - https:\/\/yoast.com\/product\/yoast-seo-wordpress\/ -->\n<title>Philip Naert nomm\u00e9 Partner chez Whyte Corporate Affairs - Whyte<\/title>\n<meta name=\"robots\" content=\"index, follow, max-snippet:-1, max-image-preview:large, max-video-preview:-1\" \/>\n<link rel=\"canonical\" href=\"https:\/\/whyte.be\/fr\/philip-naert-nomme-partner-chez-whyte-corporate-affairs\/\" \/>\n<meta property=\"og:locale\" content=\"fr_FR\" \/>\n<meta property=\"og:type\" content=\"article\" \/>\n<meta property=\"og:title\" content=\"Philip Naert nomm\u00e9 Partner chez Whyte Corporate Affairs - Whyte\" \/>\n<meta property=\"og:description\" content=\"[\u2026]\" \/>\n<meta property=\"og:url\" content=\"https:\/\/whyte.be\/fr\/philip-naert-nomme-partner-chez-whyte-corporate-affairs\/\" \/>\n<meta property=\"og:site_name\" content=\"Whyte\" \/>\n<meta property=\"article:publisher\" content=\"https:\/\/www.facebook.com\/whytecorp\" \/>\n<meta property=\"article:published_time\" content=\"2023-02-28T08:29:58+00:00\" \/>\n<meta property=\"article:modified_time\" content=\"2023-03-06T16:05:03+00:00\" \/>\n<meta property=\"og:image\" content=\"https:\/\/whyte.be\/wp-content\/uploads\/2023\/02\/whyte-corporate-affairs-philip-naert-partner-16-9.jpg\" \/>\n\t<meta property=\"og:image:width\" content=\"1920\" \/>\n\t<meta property=\"og:image:height\" content=\"1080\" \/>\n\t<meta property=\"og:image:type\" content=\"image\/jpeg\" \/>\n<meta name=\"author\" content=\"Martin\" \/>\n<meta name=\"twitter:card\" content=\"summary_large_image\" \/>\n<meta name=\"twitter:creator\" content=\"@whyte_ca\" \/>\n<meta name=\"twitter:site\" content=\"@whyte_ca\" \/>\n<meta name=\"twitter:label1\" content=\"\u00c9crit par\" \/>\n\t<meta name=\"twitter:data1\" content=\"Martin\" \/>\n\t<meta name=\"twitter:label2\" content=\"Dur\u00e9e de lecture estim\u00e9e\" \/>\n\t<meta name=\"twitter:data2\" content=\"2 minutes\" \/>\n<script type=\"application\/ld+json\" class=\"yoast-schema-graph\">{\"@context\":\"https:\\\/\\\/schema.org\",\"@graph\":[{\"@type\":\"Article\",\"@id\":\"https:\\\/\\\/whyte.be\\\/fr\\\/philip-naert-nomme-partner-chez-whyte-corporate-affairs\\\/#article\",\"isPartOf\":{\"@id\":\"https:\\\/\\\/whyte.be\\\/fr\\\/philip-naert-nomme-partner-chez-whyte-corporate-affairs\\\/\"},\"author\":{\"name\":\"Martin\",\"@id\":\"https:\\\/\\\/whyte.be\\\/fr\\\/#\\\/schema\\\/person\\\/bea1033f86047e35fb9cd100cb643444\"},\"headline\":\"Philip Naert nomm\u00e9 Partner chez Whyte Corporate Affairs\",\"datePublished\":\"2023-02-28T08:29:58+00:00\",\"dateModified\":\"2023-03-06T16:05:03+00:00\",\"mainEntityOfPage\":{\"@id\":\"https:\\\/\\\/whyte.be\\\/fr\\\/philip-naert-nomme-partner-chez-whyte-corporate-affairs\\\/\"},\"wordCount\":264,\"publisher\":{\"@id\":\"https:\\\/\\\/whyte.be\\\/fr\\\/#organization\"},\"image\":{\"@id\":\"https:\\\/\\\/whyte.be\\\/fr\\\/philip-naert-nomme-partner-chez-whyte-corporate-affairs\\\/#primaryimage\"},\"thumbnailUrl\":\"https:\\\/\\\/whyte.be\\\/wp-content\\\/uploads\\\/2023\\\/02\\\/whyte-corporate-affairs-philip-naert-partner-16-9.jpg\",\"keywords\":[\"Communication\",\"public affairs\"],\"articleSection\":[\"Whyte Corporate Affairs\"],\"inLanguage\":\"fr-FR\"},{\"@type\":\"WebPage\",\"@id\":\"https:\\\/\\\/whyte.be\\\/fr\\\/philip-naert-nomme-partner-chez-whyte-corporate-affairs\\\/\",\"url\":\"https:\\\/\\\/whyte.be\\\/fr\\\/philip-naert-nomme-partner-chez-whyte-corporate-affairs\\\/\",\"name\":\"Philip Naert nomm\u00e9 Partner chez Whyte Corporate Affairs - Whyte\",\"isPartOf\":{\"@id\":\"https:\\\/\\\/whyte.be\\\/fr\\\/#website\"},\"primaryImageOfPage\":{\"@id\":\"https:\\\/\\\/whyte.be\\\/fr\\\/philip-naert-nomme-partner-chez-whyte-corporate-affairs\\\/#primaryimage\"},\"image\":{\"@id\":\"https:\\\/\\\/whyte.be\\\/fr\\\/philip-naert-nomme-partner-chez-whyte-corporate-affairs\\\/#primaryimage\"},\"thumbnailUrl\":\"https:\\\/\\\/whyte.be\\\/wp-content\\\/uploads\\\/2023\\\/02\\\/whyte-corporate-affairs-philip-naert-partner-16-9.jpg\",\"datePublished\":\"2023-02-28T08:29:58+00:00\",\"dateModified\":\"2023-03-06T16:05:03+00:00\",\"breadcrumb\":{\"@id\":\"https:\\\/\\\/whyte.be\\\/fr\\\/philip-naert-nomme-partner-chez-whyte-corporate-affairs\\\/#breadcrumb\"},\"inLanguage\":\"fr-FR\",\"potentialAction\":[{\"@type\":\"ReadAction\",\"target\":[\"https:\\\/\\\/whyte.be\\\/fr\\\/philip-naert-nomme-partner-chez-whyte-corporate-affairs\\\/\"]}]},{\"@type\":\"ImageObject\",\"inLanguage\":\"fr-FR\",\"@id\":\"https:\\\/\\\/whyte.be\\\/fr\\\/philip-naert-nomme-partner-chez-whyte-corporate-affairs\\\/#primaryimage\",\"url\":\"https:\\\/\\\/whyte.be\\\/wp-content\\\/uploads\\\/2023\\\/02\\\/whyte-corporate-affairs-philip-naert-partner-16-9.jpg\",\"contentUrl\":\"https:\\\/\\\/whyte.be\\\/wp-content\\\/uploads\\\/2023\\\/02\\\/whyte-corporate-affairs-philip-naert-partner-16-9.jpg\",\"width\":1920,\"height\":1080},{\"@type\":\"BreadcrumbList\",\"@id\":\"https:\\\/\\\/whyte.be\\\/fr\\\/philip-naert-nomme-partner-chez-whyte-corporate-affairs\\\/#breadcrumb\",\"itemListElement\":[{\"@type\":\"ListItem\",\"position\":1,\"name\":\"Home\",\"item\":\"https:\\\/\\\/whyte.be\\\/fr\\\/\"},{\"@type\":\"ListItem\",\"position\":2,\"name\":\"Philip Naert nomm\u00e9 Partner chez Whyte Corporate Affairs\"}]},{\"@type\":\"WebSite\",\"@id\":\"https:\\\/\\\/whyte.be\\\/fr\\\/#website\",\"url\":\"https:\\\/\\\/whyte.be\\\/fr\\\/\",\"name\":\"Whyte Corporate Affairs\",\"description\":\"Corporate Affairs\",\"publisher\":{\"@id\":\"https:\\\/\\\/whyte.be\\\/fr\\\/#organization\"},\"potentialAction\":[{\"@type\":\"SearchAction\",\"target\":{\"@type\":\"EntryPoint\",\"urlTemplate\":\"https:\\\/\\\/whyte.be\\\/fr\\\/?s={search_term_string}\"},\"query-input\":{\"@type\":\"PropertyValueSpecification\",\"valueRequired\":true,\"valueName\":\"search_term_string\"}}],\"inLanguage\":\"fr-FR\"},{\"@type\":\"Organization\",\"@id\":\"https:\\\/\\\/whyte.be\\\/fr\\\/#organization\",\"name\":\"Whyte Corporate Affairs\",\"url\":\"https:\\\/\\\/whyte.be\\\/fr\\\/\",\"logo\":{\"@type\":\"ImageObject\",\"inLanguage\":\"fr-FR\",\"@id\":\"https:\\\/\\\/whyte.be\\\/fr\\\/#\\\/schema\\\/logo\\\/image\\\/\",\"url\":\"https:\\\/\\\/whyte.be\\\/wp-content\\\/uploads\\\/2023\\\/02\\\/logo-whyte.png\",\"contentUrl\":\"https:\\\/\\\/whyte.be\\\/wp-content\\\/uploads\\\/2023\\\/02\\\/logo-whyte.png\",\"width\":288,\"height\":105,\"caption\":\"Whyte Corporate Affairs\"},\"image\":{\"@id\":\"https:\\\/\\\/whyte.be\\\/fr\\\/#\\\/schema\\\/logo\\\/image\\\/\"},\"sameAs\":[\"https:\\\/\\\/www.facebook.com\\\/whytecorp\",\"https:\\\/\\\/x.com\\\/whyte_ca\",\"https:\\\/\\\/www.instagram.com\\\/whytecorp\\\/\",\"https:\\\/\\\/www.linkedin.com\\\/company\\\/whyte-corporate-affairs\\\/\"]},{\"@type\":\"Person\",\"@id\":\"https:\\\/\\\/whyte.be\\\/fr\\\/#\\\/schema\\\/person\\\/bea1033f86047e35fb9cd100cb643444\",\"name\":\"Martin\",\"image\":{\"@type\":\"ImageObject\",\"inLanguage\":\"fr-FR\",\"@id\":\"https:\\\/\\\/secure.gravatar.com\\\/avatar\\\/2e75dc9ec320b26a7ccee326750f76f3da129d5f1f96e33ecd808391a54cf5b2?s=96&d=mm&r=g\",\"url\":\"https:\\\/\\\/secure.gravatar.com\\\/avatar\\\/2e75dc9ec320b26a7ccee326750f76f3da129d5f1f96e33ecd808391a54cf5b2?s=96&d=mm&r=g\",\"contentUrl\":\"https:\\\/\\\/secure.gravatar.com\\\/avatar\\\/2e75dc9ec320b26a7ccee326750f76f3da129d5f1f96e33ecd808391a54cf5b2?s=96&d=mm&r=g\",\"caption\":\"Martin\"}}]}<\/script>\n<!-- \/ Yoast SEO plugin. -->","yoast_head_json":{"title":"Philip Naert nomm\u00e9 Partner chez Whyte Corporate Affairs - Whyte","robots":{"index":"index","follow":"follow","max-snippet":"max-snippet:-1","max-image-preview":"max-image-preview:large","max-video-preview":"max-video-preview:-1"},"canonical":"https:\/\/whyte.be\/fr\/philip-naert-nomme-partner-chez-whyte-corporate-affairs\/","og_locale":"fr_FR","og_type":"article","og_title":"Philip Naert nomm\u00e9 Partner chez Whyte Corporate Affairs - Whyte","og_description":"[\u2026]","og_url":"https:\/\/whyte.be\/fr\/philip-naert-nomme-partner-chez-whyte-corporate-affairs\/","og_site_name":"Whyte","article_publisher":"https:\/\/www.facebook.com\/whytecorp","article_published_time":"2023-02-28T08:29:58+00:00","article_modified_time":"2023-03-06T16:05:03+00:00","og_image":[{"width":1920,"height":1080,"url":"https:\/\/whyte.be\/wp-content\/uploads\/2023\/02\/whyte-corporate-affairs-philip-naert-partner-16-9.jpg","type":"image\/jpeg"}],"author":"Martin","twitter_card":"summary_large_image","twitter_creator":"@whyte_ca","twitter_site":"@whyte_ca","twitter_misc":{"\u00c9crit par":"Martin","Dur\u00e9e de lecture estim\u00e9e":"2 minutes"},"schema":{"@context":"https:\/\/schema.org","@graph":[{"@type":"Article","@id":"https:\/\/whyte.be\/fr\/philip-naert-nomme-partner-chez-whyte-corporate-affairs\/#article","isPartOf":{"@id":"https:\/\/whyte.be\/fr\/philip-naert-nomme-partner-chez-whyte-corporate-affairs\/"},"author":{"name":"Martin","@id":"https:\/\/whyte.be\/fr\/#\/schema\/person\/bea1033f86047e35fb9cd100cb643444"},"headline":"Philip Naert nomm\u00e9 Partner chez Whyte Corporate Affairs","datePublished":"2023-02-28T08:29:58+00:00","dateModified":"2023-03-06T16:05:03+00:00","mainEntityOfPage":{"@id":"https:\/\/whyte.be\/fr\/philip-naert-nomme-partner-chez-whyte-corporate-affairs\/"},"wordCount":264,"publisher":{"@id":"https:\/\/whyte.be\/fr\/#organization"},"image":{"@id":"https:\/\/whyte.be\/fr\/philip-naert-nomme-partner-chez-whyte-corporate-affairs\/#primaryimage"},"thumbnailUrl":"https:\/\/whyte.be\/wp-content\/uploads\/2023\/02\/whyte-corporate-affairs-philip-naert-partner-16-9.jpg","keywords":["Communication","public affairs"],"articleSection":["Whyte Corporate Affairs"],"inLanguage":"fr-FR"},{"@type":"WebPage","@id":"https:\/\/whyte.be\/fr\/philip-naert-nomme-partner-chez-whyte-corporate-affairs\/","url":"https:\/\/whyte.be\/fr\/philip-naert-nomme-partner-chez-whyte-corporate-affairs\/","name":"Philip Naert nomm\u00e9 Partner chez Whyte Corporate Affairs - Whyte","isPartOf":{"@id":"https:\/\/whyte.be\/fr\/#website"},"primaryImageOfPage":{"@id":"https:\/\/whyte.be\/fr\/philip-naert-nomme-partner-chez-whyte-corporate-affairs\/#primaryimage"},"image":{"@id":"https:\/\/whyte.be\/fr\/philip-naert-nomme-partner-chez-whyte-corporate-affairs\/#primaryimage"},"thumbnailUrl":"https:\/\/whyte.be\/wp-content\/uploads\/2023\/02\/whyte-corporate-affairs-philip-naert-partner-16-9.jpg","datePublished":"2023-02-28T08:29:58+00:00","dateModified":"2023-03-06T16:05:03+00:00","breadcrumb":{"@id":"https:\/\/whyte.be\/fr\/philip-naert-nomme-partner-chez-whyte-corporate-affairs\/#breadcrumb"},"inLanguage":"fr-FR","potentialAction":[{"@type":"ReadAction","target":["https:\/\/whyte.be\/fr\/philip-naert-nomme-partner-chez-whyte-corporate-affairs\/"]}]},{"@type":"ImageObject","inLanguage":"fr-FR","@id":"https:\/\/whyte.be\/fr\/philip-naert-nomme-partner-chez-whyte-corporate-affairs\/#primaryimage","url":"https:\/\/whyte.be\/wp-content\/uploads\/2023\/02\/whyte-corporate-affairs-philip-naert-partner-16-9.jpg","contentUrl":"https:\/\/whyte.be\/wp-content\/uploads\/2023\/02\/whyte-corporate-affairs-philip-naert-partner-16-9.jpg","width":1920,"height":1080},{"@type":"BreadcrumbList","@id":"https:\/\/whyte.be\/fr\/philip-naert-nomme-partner-chez-whyte-corporate-affairs\/#breadcrumb","itemListElement":[{"@type":"ListItem","position":1,"name":"Home","item":"https:\/\/whyte.be\/fr\/"},{"@type":"ListItem","position":2,"name":"Philip Naert nomm\u00e9 Partner chez Whyte Corporate Affairs"}]},{"@type":"WebSite","@id":"https:\/\/whyte.be\/fr\/#website","url":"https:\/\/whyte.be\/fr\/","name":"Whyte Corporate Affairs","description":"Corporate Affairs","publisher":{"@id":"https:\/\/whyte.be\/fr\/#organization"},"potentialAction":[{"@type":"SearchAction","target":{"@type":"EntryPoint","urlTemplate":"https:\/\/whyte.be\/fr\/?s={search_term_string}"},"query-input":{"@type":"PropertyValueSpecification","valueRequired":true,"valueName":"search_term_string"}}],"inLanguage":"fr-FR"},{"@type":"Organization","@id":"https:\/\/whyte.be\/fr\/#organization","name":"Whyte Corporate Affairs","url":"https:\/\/whyte.be\/fr\/","logo":{"@type":"ImageObject","inLanguage":"fr-FR","@id":"https:\/\/whyte.be\/fr\/#\/schema\/logo\/image\/","url":"https:\/\/whyte.be\/wp-content\/uploads\/2023\/02\/logo-whyte.png","contentUrl":"https:\/\/whyte.be\/wp-content\/uploads\/2023\/02\/logo-whyte.png","width":288,"height":105,"caption":"Whyte Corporate Affairs"},"image":{"@id":"https:\/\/whyte.be\/fr\/#\/schema\/logo\/image\/"},"sameAs":["https:\/\/www.facebook.com\/whytecorp","https:\/\/x.com\/whyte_ca","https:\/\/www.instagram.com\/whytecorp\/","https:\/\/www.linkedin.com\/company\/whyte-corporate-affairs\/"]},{"@type":"Person","@id":"https:\/\/whyte.be\/fr\/#\/schema\/person\/bea1033f86047e35fb9cd100cb643444","name":"Martin","image":{"@type":"ImageObject","inLanguage":"fr-FR","@id":"https:\/\/secure.gravatar.com\/avatar\/2e75dc9ec320b26a7ccee326750f76f3da129d5f1f96e33ecd808391a54cf5b2?s=96&d=mm&r=g","url":"https:\/\/secure.gravatar.com\/avatar\/2e75dc9ec320b26a7ccee326750f76f3da129d5f1f96e33ecd808391a54cf5b2?s=96&d=mm&r=g","contentUrl":"https:\/\/secure.gravatar.com\/avatar\/2e75dc9ec320b26a7ccee326750f76f3da129d5f1f96e33ecd808391a54cf5b2?s=96&d=mm&r=g","caption":"Martin"}}]}},"_links":{"self":[{"href":"https:\/\/whyte.be\/fr\/wp-json\/wp\/v2\/posts\/880","targetHints":{"allow":["GET"]}}],"collection":[{"href":"https:\/\/whyte.be\/fr\/wp-json\/wp\/v2\/posts"}],"about":[{"href":"https:\/\/whyte.be\/fr\/wp-json\/wp\/v2\/types\/post"}],"author":[{"embeddable":true,"href":"https:\/\/whyte.be\/fr\/wp-json\/wp\/v2\/users\/3"}],"replies":[{"embeddable":true,"href":"https:\/\/whyte.be\/fr\/wp-json\/wp\/v2\/comments?post=880"}],"version-history":[{"count":4,"href":"https:\/\/whyte.be\/fr\/wp-json\/wp\/v2\/posts\/880\/revisions"}],"predecessor-version":[{"id":896,"href":"https:\/\/whyte.be\/fr\/wp-json\/wp\/v2\/posts\/880\/revisions\/896"}],"wp:featuredmedia":[{"embeddable":true,"href":"https:\/\/whyte.be\/fr\/wp-json\/wp\/v2\/media\/886"}],"wp:attachment":[{"href":"https:\/\/whyte.be\/fr\/wp-json\/wp\/v2\/media?parent=880"}],"wp:term":[{"taxonomy":"category","embeddable":true,"href":"https:\/\/whyte.be\/fr\/wp-json\/wp\/v2\/categories?post=880"},{"taxonomy":"post_tag","embeddable":true,"href":"https:\/\/whyte.be\/fr\/wp-json\/wp\/v2\/tags?post=880"}],"curies":[{"name":"wp","href":"https:\/\/api.w.org\/{rel}","templated":true}]}}